{"id":1221,"date":"2023-06-09T18:10:25","date_gmt":"2023-06-09T16:10:25","guid":{"rendered":"https:\/\/malagaelitesports.com\/?p=1221"},"modified":"2024-07-21T17:15:38","modified_gmt":"2024-07-21T16:15:38","slug":"campus-tecnificacion-futbol-verano-2023","status":"publish","type":"post","link":"https:\/\/malagaelitesports.com\/en\/campus-tecnificacion-futbol-verano-2023\/","title":{"rendered":"Campus de Tecnificaci\u00f3n de F\u00fatbol Verano 2023"},"content":{"rendered":"<div data-elementor-type=\"wp-post\" data-elementor-id=\"1221\" class=\"elementor elementor-1221\">\n\t\t\t\t\t\t<section class=\"elementor-section elementor-top-section elementor-element elementor-element-b3974fd elementor-section-boxed elementor-section-height-default elementor-section-height-default\" data-id=\"b3974fd\" data-element_type=\"section\">\n\t\t\t\t\t\t<div class=\"elementor-container elementor-column-gap-default\">\n\t\t\t\t\t<div class=\"elementor-column elementor-col-100 elementor-top-column elementor-element elementor-element-9d67245\" data-id=\"9d67245\" data-element_type=\"column\">\n\t\t\t<div class=\"elementor-widget-wrap elementor-element-populated\">\n\t\t\t\t\t\t<div class=\"elementor-element elementor-element-53ef4ae elementor-widget elementor-widget-heading\" data-id=\"53ef4ae\" data-element_type=\"widget\" data-widget_type=\"heading.default\">\n\t\t\t\t<div class=\"elementor-widget-container\">\n\t\t\t<style>\/*! elementor - v3.20.0 - 13-03-2024 *\/\n.elementor-heading-title{padding:0;margin:0;line-height:1}.elementor-widget-heading .elementor-heading-title[class*=elementor-size-]>a{color:inherit;font-size:inherit;line-height:inherit}.elementor-widget-heading .elementor-heading-title.elementor-size-small{font-size:15px}.elementor-widget-heading .elementor-heading-title.elementor-size-medium{font-size:19px}.elementor-widget-heading .elementor-heading-title.elementor-size-large{font-size:29px}.elementor-widget-heading .elementor-heading-title.elementor-size-xl{font-size:39px}.elementor-widget-heading .elementor-heading-title.elementor-size-xxl{font-size:59px}<\/style><h2 class=\"elementor-heading-title elementor-size-default\">CAMPUS DE TECNIFICACI\u00d3N DE F\u00daTBOL VERANO 2023<\/h2>\t\t<\/div>\n\t\t\t\t<\/div>\n\t\t\t\t\t<\/div>\n\t\t<\/div>\n\t\t\t\t\t<\/div>\n\t\t<\/section>\n\t\t\t\t<section class=\"elementor-section elementor-top-section elementor-element elementor-element-aeed64a elementor-section-boxed elementor-section-height-default elementor-section-height-default\" data-id=\"aeed64a\" data-element_type=\"section\">\n\t\t\t\t\t\t<div class=\"elementor-container elementor-column-gap-default\">\n\t\t\t\t\t<div class=\"elementor-column elementor-col-100 elementor-top-column elementor-element elementor-element-ee71734\" data-id=\"ee71734\" data-element_type=\"column\">\n\t\t\t<div class=\"elementor-widget-wrap elementor-element-populated\">\n\t\t\t\t\t\t<div class=\"elementor-element elementor-element-3492950 elementor-widget elementor-widget-image\" data-id=\"3492950\" data-element_type=\"widget\" data-widget_type=\"image.default\">\n\t\t\t\t<div class=\"elementor-widget-container\">\n\t\t\t<style>\/*! elementor - v3.20.0 - 13-03-2024 *\/\n.elementor-widget-image{text-align:center}.elementor-widget-image a{display:inline-block}.elementor-widget-image a img[src$=\".svg\"]{width:48px}.elementor-widget-image img{vertical-align:middle;display:inline-block}<\/style>\t\t\t\t\t\t\t\t\t\t<img fetchpriority=\"high\" decoding=\"async\" width=\"750\" height=\"1061\" src=\"https:\/\/malagaelitesports.com\/wp-content\/uploads\/2022\/05\/CAMPUS-FUTBOL-VERANO-2023-MALAGA-ELITE-SPORTS-768x1086.png\" class=\"attachment-medium_large size-medium_large wp-image-1433\" alt=\"CAMPUS F\u00daTBOL VERANO 2023- MALAGA ELITE SPORTS\" srcset=\"https:\/\/malagaelitesports.com\/wp-content\/uploads\/2022\/05\/CAMPUS-FUTBOL-VERANO-2023-MALAGA-ELITE-SPORTS-768x1086.png 768w, https:\/\/malagaelitesports.com\/wp-content\/uploads\/2022\/05\/CAMPUS-FUTBOL-VERANO-2023-MALAGA-ELITE-SPORTS-212x300.png 212w, https:\/\/malagaelitesports.com\/wp-content\/uploads\/2022\/05\/CAMPUS-FUTBOL-VERANO-2023-MALAGA-ELITE-SPORTS-724x1024.png 724w, https:\/\/malagaelitesports.com\/wp-content\/uploads\/2022\/05\/CAMPUS-FUTBOL-VERANO-2023-MALAGA-ELITE-SPORTS-1086x1536.png 1086w, https:\/\/malagaelitesports.com\/wp-content\/uploads\/2022\/05\/CAMPUS-FUTBOL-VERANO-2023-MALAGA-ELITE-SPORTS-8x12.png 8w, https:\/\/malagaelitesports.com\/wp-content\/uploads\/2022\/05\/CAMPUS-FUTBOL-VERANO-2023-MALAGA-ELITE-SPORTS.png 1414w\" sizes=\"(max-width: 750px) 100vw, 750px\" title=\"\">\t\t\t\t\t\t\t\t\t\t\t\t\t<\/div>\n\t\t\t\t<\/div>\n\t\t\t\t\t<\/div>\n\t\t<\/div>\n\t\t\t\t\t<\/div>\n\t\t<\/section>\n\t\t\t\t<section class=\"elementor-section elementor-top-section elementor-element elementor-element-2a0bc8e elementor-section-boxed elementor-section-height-default elementor-section-height-default\" data-id=\"2a0bc8e\" data-element_type=\"section\">\n\t\t\t\t\t\t<div class=\"elementor-container elementor-column-gap-default\">\n\t\t\t\t\t<div class=\"elementor-column elementor-col-100 elementor-top-column elementor-element elementor-element-cf59b92\" data-id=\"cf59b92\" data-element_type=\"column\">\n\t\t\t<div class=\"elementor-widget-wrap elementor-element-populated\">\n\t\t\t\t\t\t<div class=\"elementor-element elementor-element-fdfe8e3 elementor-widget elementor-widget-text-editor\" data-id=\"fdfe8e3\" data-element_type=\"widget\" data-widget_type=\"text-editor.default\">\n\t\t\t\t<div class=\"elementor-widget-container\">\n\t\t\t<style>\/*! elementor - v3.20.0 - 13-03-2024 *\/\n.elementor-widget-text-editor.elementor-drop-cap-view-stacked .elementor-drop-cap{background-color:#69727d;color:#fff}.elementor-widget-text-editor.elementor-drop-cap-view-framed .elementor-drop-cap{color:#69727d;border:3px solid;background-color:transparent}.elementor-widget-text-editor:not(.elementor-drop-cap-view-default) .elementor-drop-cap{margin-top:8px}.elementor-widget-text-editor:not(.elementor-drop-cap-view-default) .elementor-drop-cap-letter{width:1em;height:1em}.elementor-widget-text-editor .elementor-drop-cap{float:left;text-align:center;line-height:1;font-size:50px}.elementor-widget-text-editor .elementor-drop-cap-letter{display:inline-block}<\/style>\t\t\t\t<p><strong><span style=\"vertical-align: inherit;\"><span style=\"vertical-align: inherit;\">Abierta la inscripci\u00f3n al\u00a0 Campus de Tecnificaci\u00f3n de F\u00fatbol Verano 2023<\/span><\/span><\/strong><\/p><p><strong><a href=\"https:\/\/malagaelitesports.com\/en\/\"><span style=\"vertical-align: inherit;\"><span style=\"vertical-align: inherit;\">M\u00e1laga Elite Sports <\/span><\/span><\/a><\/strong><span style=\"vertical-align: inherit;\"><span style=\"vertical-align: inherit;\">\u00a0abre ya las inscripciones para el <\/span><\/span><strong><span style=\"vertical-align: inherit;\"><span style=\"vertical-align: inherit;\">III Campus de Tecnificaci\u00f3n F\u00fatbol Verano 2023<\/span><\/span><\/strong><span style=\"vertical-align: inherit;\"><span style=\"vertical-align: inherit;\">.<\/span><\/span><\/p><p><strong><span style=\"vertical-align: inherit;\"><span style=\"vertical-align: inherit;\">Del 3 al 31 de julio.<\/span><\/span><\/strong><\/p><p><strong><span style=\"color: #ff6600;\">***SE EXTIENDE HASTA EL 11 DE AGOSTO, SUPEDITADO A UN M\u00cdNIMO DE 20 NI\u00d1OS**<\/span><\/strong>*<\/p><p><span style=\"vertical-align: inherit;\"><span style=\"vertical-align: inherit;\">Para ni\u00f1os y ni\u00f1as de 5 a 13 a\u00f1os<\/span><\/span><\/p><p><span style=\"vertical-align: inherit;\"><span style=\"vertical-align: inherit;\">Entrega de camiseta y pantal\u00f3n de f\u00fatbol (para aquellos que reserven m\u00ednimo una semana) al inicio de tu participaci\u00f3n y al finalizar, entrega de medallas y diplomas.<\/span><\/span><\/p><p><span style=\"vertical-align: inherit;\"><span style=\"vertical-align: inherit;\">No tendr\u00e1s tiempo de aburrirte, ya que tendremos 5 horas de lunes a viernes con m\u00faltiples actividades tales como <\/span><\/span><strong><span style=\"vertical-align: inherit;\"><span style=\"vertical-align: inherit;\">Mini Olimp\u00edada de F\u00fatbol<\/span><\/span><\/strong><span style=\"vertical-align: inherit;\"><span style=\"vertical-align: inherit;\">, donde se entregar\u00e1n trofeos a los ganadores,\u00a0<\/span><\/span><\/p><p><span style=\"vertical-align: inherit;\"><span style=\"vertical-align: inherit;\">Tendremos<\/span><\/span><strong><span style=\"vertical-align: inherit;\"><span style=\"vertical-align: inherit;\"> ejercicios y formaci\u00f3n t\u00e9cnica pr\u00e1ctica para la tecnificaci\u00f3n<\/span><\/span><\/strong><span style=\"vertical-align: inherit;\"><span style=\"vertical-align: inherit;\"> y se incorporan <\/span><\/span><strong><span style=\"vertical-align: inherit;\"><span style=\"vertical-align: inherit;\">actividades l\u00fadicas relacionadas al f\u00fatbol que contribuir\u00e1n a mejorar las distintas habilidades en este deporte<\/span><\/span><\/strong><span style=\"vertical-align: inherit;\"><span style=\"vertical-align: inherit;\">, como ser F\u00fatbol Voley, F\u00fatbol Tenis, Aqua F\u00fatbol, etc. siempre acorde a los distintos grupos de edades y niveles.<\/span><\/span><\/p><p>Este a\u00f1o tambi\u00e9n Introduciremos\u00a0 <strong>la neurociencia aplicada al f\u00fatbol<\/strong>, una disciplina innovadora que ya incorporan muchos clubes de \u00e9lite, que consistir\u00e1 en ejercicios muy espec\u00edficos que ayudar\u00e1n a mejorar la efectividad y ejercer una influencia positiva en el comportamiento del jugador, en las relaciones interpersonales dentro de un equipo y en la toma de decisiones inteligentes en plena jugada.<\/p><p>Como siempre, nuestro campus estar\u00e1 dirigido por equipo de profesionales de f\u00fatbol y monitores deportivos.<\/p><p>IMPORTANTE: El<strong> desayuno deber\u00e1n traerlo cada uno de su casa, <\/strong>su botella de agua y su pieza de fruta. Descansaremos para merendar manteniendo distancias.<\/p><p>As\u00ed tambi\u00e9n deber\u00e1n traer<\/p><ul><li><strong>una gorra, <\/strong><\/li><li><strong><span style=\"vertical-align: inherit;\"><span style=\"vertical-align: inherit;\">protector solar<\/span><\/span><\/strong><\/li><li><strong>chanclas\u00a0<\/strong><\/li><li><strong>toalla para secarse.<\/strong><\/li><\/ul><p>El <strong>campus se realizar\u00e1 en Torremolinos<\/strong> en las instalaciones del Club Tenis Y Padel La Colina &#8211;<\/p><p><strong><u>Tarifas de 9:00 a 14:<\/u><\/strong><strong><u>0<\/u><\/strong><strong><u>0h.<\/u><\/strong><\/p><p><strong>1 SEMANA \u00a0\u00a0\u00a0\u00a0\u00a0\u00a0\u00a0\u00a0\u00a0\u00a0\u00a0\u00a0\u00a0\u00a0\u00a0\u00a0\u00a0\u00a0\u00a0\u00a0\u00a0\u00a0\u00a0\u00a0\u00a0\u00a0120\u20ac<\/strong><\/p><p><strong>2 SEMANAS:\u00a0\u00a0 \u00a0\u00a0\u00a0\u00a0\u00a0\u00a0\u00a0\u00a0\u00a0\u00a0\u00a0\u00a0\u00a0\u00a0\u00a0\u00a0\u00a0\u00a0\u00a0\u00a0\u00a0220\u20ac<\/strong><\/p><p><strong>4 SEMANAS: \u00a0\u00a0\u00a0\u00a0\u00a0\u00a0\u00a0\u00a0\u00a0\u00a0\u00a0\u00a0\u00a0\u00a0\u00a0\u00a0\u00a0\u00a0\u00a0\u00a0\u00a0\u00a0\u00a0290\u20ac<\/strong><\/p><p><strong>DIA SUELTOS:\u00a0 \u00a0 \u00a0 \u00a0 \u00a0 \u00a0 \u00a0 \u00a0 \u00a0 \u00a0 \u00a0 \u00a0 \u00a025\u20ac<\/strong><\/p><p><strong><u>Tarifas con comedor 9:00 a 15:30h <\/u><\/strong><\/p><p><strong>1 SEMANA:\u00a0 \u00a0 \u00a0 \u00a0 \u00a0 \u00a0 \u00a0 \u00a0 \u00a0 \u00a0 \u00a0 \u00a0 \u00a0 \u00a0160\u20ac<\/strong><\/p><p><strong>2 SEMANAS:\u00a0 \u00a0 \u00a0 \u00a0 \u00a0 \u00a0 \u00a0 \u00a0 \u00a0 \u00a0 \u00a0 \u00a0 \u00a0300\u20ac<\/strong><\/p><p><strong>4 SEMANAS:\u00a0 \u00a0 \u00a0 \u00a0 \u00a0 \u00a0 \u00a0 \u00a0 \u00a0 \u00a0 \u00a0 \u00a0 \u00a0450\u20ac<\/strong><\/p><p><strong>DIA SUELTOS:\u00a0 \u00a0 \u00a0 \u00a0 \u00a0 \u00a0 \u00a0 \u00a0 \u00a0 \u00a0 \u00a0 \u00a0 \u00a0 35\u20ac<\/strong><\/p><p><strong>Descuentos para hermanos 20%<\/strong><\/p><p><strong>*PLAZAS LIMITADAS*<\/strong><\/p><p>Lo pasaremos genial, \u00a1an\u00edmate!<\/p><p>Informes e Inscripci\u00f3n:<\/p><p><a href=\"https:\/\/malagaelitesports.com\/en\/academia-de-futbol-torremolinos\/\">Club Padel &amp; Tenis La Colina<\/a><\/p><p>Calle la Colina S\/N \u2013 Torremolinos \u2013 M\u00e1laga<\/p><p><strong><span style=\"vertical-align: inherit;\"><span style=\"vertical-align: inherit;\">TEL: 672321293 \/ <\/span><\/span><a href=\"https:\/\/api.whatsapp.com\/send?phone=+34678575167&amp;text=Bienvenido%20a%20M%C3%A1laga%20Elite%20Sports,%20Necesitas%20informaci%C3%B3n%20de%20nuestros%20Campus%20o%20Escuela%20de%20Tecnificaci%C3%B3n?\" rel=\"nofollow noopener\" target=\"_blank\"><span style=\"vertical-align: inherit;\"><span style=\"vertical-align: inherit;\">Whatsapp 678575167<\/span><\/span><\/a><\/strong><\/p><p><a href=\"https:\/\/malagaelitesports.com\/en\/\">www.malagaelitesports.com\u00a0<\/a><\/p>\t\t\t\t\t\t<\/div>\n\t\t\t\t<\/div>\n\t\t\t\t\t<\/div>\n\t\t<\/div>\n\t\t\t\t\t<\/div>\n\t\t<\/section>\n\t\t\t\t<section class=\"elementor-section elementor-top-section elementor-element elementor-element-f8377ff elementor-section-boxed elementor-section-height-default elementor-section-height-default\" data-id=\"f8377ff\" data-element_type=\"section\">\n\t\t\t\t\t\t<div class=\"elementor-container elementor-column-gap-default\">\n\t\t\t\t\t<div class=\"elementor-column elementor-col-100 elementor-top-column elementor-element elementor-element-80f933f\" data-id=\"80f933f\" data-element_type=\"column\">\n\t\t\t<div class=\"elementor-widget-wrap elementor-element-populated\">\n\t\t\t\t\t\t<div class=\"elementor-element elementor-element-12f9278 elementor-widget elementor-widget-shortcode\" data-id=\"12f9278\" data-element_type=\"widget\" data-widget_type=\"shortcode.default\">\n\t\t\t\t<div class=\"elementor-widget-container\">\n\t\t\t\t\t<div class=\"elementor-shortcode\"><\/div>\n\t\t\t\t<\/div>\n\t\t\t\t<\/div>\n\t\t\t\t\t<\/div>\n\t\t<\/div>\n\t\t\t\t\t<\/div>\n\t\t<\/section>\n\t\t\t\t<\/div>","protected":false},"excerpt":{"rendered":"<p>Campus de Tecnificaci\u00f3n de F\u00fatbol Verano 2023 en Torremolinos &#8211; M\u00e1laga.  Del 1 al 31 de julio (se extiende hasta el 11 de agosto, si se llega a un m\u00ednimo de 20 ni\u00f1 @s)<\/p>","protected":false},"author":1,"featured_media":1433,"comment_status":"open","ping_status":"open","sticky":false,"template":"","format":"standard","meta":{"footnotes":""},"categories":[9],"tags":[35],"_links":{"self":[{"href":"https:\/\/malagaelitesports.com\/en\/wp-json\/wp\/v2\/posts\/1221"}],"collection":[{"href":"https:\/\/malagaelitesports.com\/en\/wp-json\/wp\/v2\/posts"}],"about":[{"href":"https:\/\/malagaelitesports.com\/en\/wp-json\/wp\/v2\/types\/post"}],"author":[{"embeddable":true,"href":"https:\/\/malagaelitesports.com\/en\/wp-json\/wp\/v2\/users\/1"}],"replies":[{"embeddable":true,"href":"https:\/\/malagaelitesports.com\/en\/wp-json\/wp\/v2\/comments?post=1221"}],"version-history":[{"count":0,"href":"https:\/\/malagaelitesports.com\/en\/wp-json\/wp\/v2\/posts\/1221\/revisions"}],"wp:featuredmedia":[{"embeddable":true,"href":"https:\/\/malagaelitesports.com\/en\/wp-json\/wp\/v2\/media\/1433"}],"wp:attachment":[{"href":"https:\/\/malagaelitesports.com\/en\/wp-json\/wp\/v2\/media?parent=1221"}],"wp:term":[{"taxonomy":"category","embeddable":true,"href":"https:\/\/malagaelitesports.com\/en\/wp-json\/wp\/v2\/categories?post=1221"},{"taxonomy":"post_tag","embeddable":true,"href":"https:\/\/malagaelitesports.com\/en\/wp-json\/wp\/v2\/tags?post=1221"}],"curies":[{"name":"wp","href":"https:\/\/api.w.org\/{rel}","templated":true}]}}